{"id":21733,"date":"2025-12-03T11:25:04","date_gmt":"2025-12-03T11:25:04","guid":{"rendered":"https:\/\/nerba.pt\/site\/?p=21733"},"modified":"2025-12-10T11:42:48","modified_gmt":"2025-12-10T11:42:48","slug":"evento-festival-francesinha","status":"publish","type":"post","link":"https:\/\/nerba.pt\/site\/evento-festival-francesinha\/","title":{"rendered":"A nossa equipa no festival da Francesinha"},"content":{"rendered":"\t\t<div data-elementor-type=\"wp-post\" data-elementor-id=\"21733\" class=\"elementor elementor-21733\" data-elementor-post-type=\"post\">\n\t\t\t\t\t\t\t\t\t<section class=\"elementor-section elementor-top-section elementor-element elementor-element-b73d05d elementor-section-boxed elementor-section-height-default elementor-section-height-default\" data-id=\"b73d05d\" data-element_type=\"section\">\n\t\t\t\t\t\t<div class=\"elementor-container elementor-column-gap-default\">\n\t\t\t\t\t<div class=\"elementor-column elementor-col-100 elementor-top-column elementor-element elementor-element-61c84f8\" data-id=\"61c84f8\" data-element_type=\"column\">\n\t\t\t<div class=\"elementor-widget-wrap elementor-element-populated\">\n\t\t\t\t\t\t\t\t<div class=\"elementor-element elementor-element-d281a40 elementor-widget elementor-widget-text-editor\" data-id=\"d281a40\" data-element_type=\"widget\" data-widget_type=\"text-editor.default\">\n\t\t\t\t<div class=\"elementor-widget-container\">\n\t\t\t\t\t\t\t<p class=\"font-claude-response-body break-words whitespace-normal \">Entre 3 e 8 de dezembro, a equipa NERBA marcou presen\u00e7a no Festival da Francesinha, um dos eventos gastron\u00f3micos de refer\u00eancia da regi\u00e3o. No primeiro dia, os colaboradores da associa\u00e7\u00e3o empresarial tiveram oportunidade de fortalecer la\u00e7os com parceiros e representantes do tecido empresarial local, num ambiente que celebrou a francesinha.<\/p><p class=\"font-claude-response-body break-words whitespace-normal \">O festival, que decorreu nas instala\u00e7\u00f5es do NERBA, reuniu todo o tipo de pessoas da regi\u00e3o em torno de uma experi\u00eancia que aliou comida e momentos de conv\u00edvio informal. Esta participa\u00e7\u00e3o refor\u00e7a o compromisso da associa\u00e7\u00e3o em dinamizar iniciativas que promovam a coes\u00e3o empresarial e valorizem o patrim\u00f3nio gastron\u00f3mico da regi\u00e3o.<\/p>\t\t\t\t\t\t<\/div>\n\t\t\t\t<\/div>\n\t\t\t\t\t<\/div>\n\t\t<\/div>\n\t\t\t\t\t\t\t<\/div>\n\t\t<\/section>\n\t\t\t\t<section class=\"elementor-section elementor-top-section elementor-element elementor-element-844ccfa elementor-section-boxed elementor-section-height-default elementor-section-height-default\" data-id=\"844ccfa\" data-element_type=\"section\">\n\t\t\t\t\t\t<div class=\"elementor-container elementor-column-gap-default\">\n\t\t\t\t\t<div class=\"elementor-column elementor-col-100 elementor-top-column elementor-element elementor-element-a1528fb\" data-id=\"a1528fb\" data-element_type=\"column\">\n\t\t\t<div class=\"elementor-widget-wrap elementor-element-populated\">\n\t\t\t\t\t\t\t\t<div class=\"elementor-element elementor-element-b7864f2 elementor-align-left elementor-widget__width-auto elementor-widget elementor-widget-button\" data-id=\"b7864f2\" data-element_type=\"widget\" data-widget_type=\"button.default\">\n\t\t\t\t<div class=\"elementor-widget-container\">\n\t\t\t\t\t<div class=\"elementor-button-wrapper\">\n\t\t\t<a class=\"elementor-button elementor-button-link elementor-size-sm\" href=\"https:\/\/www.instagram.com\/nerba_ae\/p\/DRzsvv1jAPd\/\">\n\t\t\t\t\t\t<span class=\"elementor-button-content-wrapper\">\n\t\t\t\t\t\t<span class=\"elementor-button-icon elementor-align-icon-right\">\n\t\t\t\t<i aria-hidden=\"true\" class=\"fab fa-instagram\"><\/i>\t\t\t<\/span>\n\t\t\t\t\t\t<span class=\"elementor-button-text\">Veja a nossa publica\u00e7\u00e3o <\/span>\n\t\t<\/span>\n\t\t\t\t\t<\/a>\n\t\t<\/div>\n\t\t\t\t<\/div>\n\t\t\t\t<\/div>\n\t\t\t\t<div class=\"elementor-element elementor-element-804f4f8 elementor-align-left elementor-widget__width-auto elementor-widget elementor-widget-button\" data-id=\"804f4f8\" data-element_type=\"widget\" data-widget_type=\"button.default\">\n\t\t\t\t<div class=\"elementor-widget-container\">\n\t\t\t\t\t<div class=\"elementor-button-wrapper\">\n\t\t\t<a class=\"elementor-button elementor-button-link elementor-size-sm\" href=\"https:\/\/www.facebook.com\/photo?fbid=1271197408382402&#038;set=a.556374023198081\">\n\t\t\t\t\t\t<span class=\"elementor-button-content-wrapper\">\n\t\t\t\t\t\t<span class=\"elementor-button-icon elementor-align-icon-right\">\n\t\t\t\t<i aria-hidden=\"true\" class=\"fab fa-facebook\"><\/i>\t\t\t<\/span>\n\t\t\t\t\t\t<span class=\"elementor-button-text\">Veja a nossa publica\u00e7\u00e3o <\/span>\n\t\t<\/span>\n\t\t\t\t\t<\/a>\n\t\t<\/div>\n\t\t\t\t<\/div>\n\t\t\t\t<\/div>\n\t\t\t\t\t<\/div>\n\t\t<\/div>\n\t\t\t\t\t\t\t<\/div>\n\t\t<\/section>\n\t\t\t\t\t\t\t<\/div>\n\t\t","protected":false},"excerpt":{"rendered":"<p>Entre 3 e 8 de dezembro, a equipa NERBA marcou presen\u00e7a no Festival da Francesinha, um dos eventos gastron\u00f3micos de refer\u00eancia da regi\u00e3o. No primeiro dia, os colaboradores da associa\u00e7\u00e3o empresarial tiveram oportunidade de fortalecer la\u00e7os com parceiros e representantes do tecido empresarial local, num ambiente que celebrou a francesinha. O festival, que decorreu nas&hellip;<\/p>\n","protected":false},"author":6,"featured_media":21734,"comment_status":"open","ping_status":"open","sticky":false,"template":"","format":"standard","meta":{"footnotes":""},"categories":[970,488],"tags":[],"class_list":["post-21733","post","type-post","status-publish","format-standard","has-post-thumbnail","hentry","category-eventos","category-terminada"],"_links":{"self":[{"href":"https:\/\/nerba.pt\/site\/wp-json\/wp\/v2\/posts\/21733","targetHints":{"allow":["GET"]}}],"collection":[{"href":"https:\/\/nerba.pt\/site\/wp-json\/wp\/v2\/posts"}],"about":[{"href":"https:\/\/nerba.pt\/site\/wp-json\/wp\/v2\/types\/post"}],"author":[{"embeddable":true,"href":"https:\/\/nerba.pt\/site\/wp-json\/wp\/v2\/users\/6"}],"replies":[{"embeddable":true,"href":"https:\/\/nerba.pt\/site\/wp-json\/wp\/v2\/comments?post=21733"}],"version-history":[{"count":13,"href":"https:\/\/nerba.pt\/site\/wp-json\/wp\/v2\/posts\/21733\/revisions"}],"predecessor-version":[{"id":21747,"href":"https:\/\/nerba.pt\/site\/wp-json\/wp\/v2\/posts\/21733\/revisions\/21747"}],"wp:featuredmedia":[{"embeddable":true,"href":"https:\/\/nerba.pt\/site\/wp-json\/wp\/v2\/media\/21734"}],"wp:attachment":[{"href":"https:\/\/nerba.pt\/site\/wp-json\/wp\/v2\/media?parent=21733"}],"wp:term":[{"taxonomy":"category","embeddable":true,"href":"https:\/\/nerba.pt\/site\/wp-json\/wp\/v2\/categories?post=21733"},{"taxonomy":"post_tag","embeddable":true,"href":"https:\/\/nerba.pt\/site\/wp-json\/wp\/v2\/tags?post=21733"}],"curies":[{"name":"wp","href":"https:\/\/api.w.org\/{rel}","templated":true}]}}