{"id":21655,"date":"2025-12-02T11:25:43","date_gmt":"2025-12-02T11:25:43","guid":{"rendered":"https:\/\/nerba.pt\/site\/?p=21655"},"modified":"2025-12-03T11:29:33","modified_gmt":"2025-12-03T11:29:33","slug":"nerba-no-forum-da-ccdr-norte-descentralizacao-e-coesao-pos-2028","status":"publish","type":"post","link":"https:\/\/nerba.pt\/site\/nerba-no-forum-da-ccdr-norte-descentralizacao-e-coesao-pos-2028\/","title":{"rendered":"NERBA no F\u00f3rum da CCDR-NORTE: Descentraliza\u00e7\u00e3o e Coes\u00e3o P\u00f3s-2028"},"content":{"rendered":"\t\t<div data-elementor-type=\"wp-post\" data-elementor-id=\"21655\" class=\"elementor elementor-21655\" data-elementor-post-type=\"post\">\n\t\t\t\t\t\t\t\t\t<section class=\"elementor-section elementor-top-section elementor-element elementor-element-b73d05d elementor-section-boxed elementor-section-height-default elementor-section-height-default\" data-id=\"b73d05d\" data-element_type=\"section\">\n\t\t\t\t\t\t<div class=\"elementor-container elementor-column-gap-default\">\n\t\t\t\t\t<div class=\"elementor-column elementor-col-100 elementor-top-column elementor-element elementor-element-61c84f8\" data-id=\"61c84f8\" data-element_type=\"column\">\n\t\t\t<div class=\"elementor-widget-wrap elementor-element-populated\">\n\t\t\t\t\t\t\t\t<div class=\"elementor-element elementor-element-d281a40 elementor-widget elementor-widget-text-editor\" data-id=\"d281a40\" data-element_type=\"widget\" data-widget_type=\"text-editor.default\">\n\t\t\t\t<div class=\"elementor-widget-container\">\n\t\t\t\t\t\t\t<p data-path-to-node=\"1\">A dire\u00e7\u00e3o do <b>NERBA \u2013 Associa\u00e7\u00e3o Empresarial do Distrito de Bragan\u00e7a<\/b> marca presen\u00e7a no <b>F\u00f3rum Regional e do Conselho Regional do Norte<\/b> da CCDR-NORTE.<\/p><p data-path-to-node=\"2\">O encontro foca-se em temas cruciais para o futuro da regi\u00e3o: a <b>Descentraliza\u00e7\u00e3o<\/b> de compet\u00eancias e as <b>Pol\u00edticas de Coes\u00e3o P\u00f3s-2028<\/b>. O objetivo \u00e9 debater as estrat\u00e9gias que ir\u00e3o moldar o <b>Desenvolvimento Regional<\/b>, aumentar a <b>Competitividade<\/b> do Norte e refor\u00e7ar o papel do <b>Associativismo<\/b> no processo.<\/p><p data-path-to-node=\"3\">A participa\u00e7\u00e3o do NERBA refor\u00e7a a voz do distrito de Bragan\u00e7a nestes debates de \u00e2mbito nacional, honrando o lema <b>#afor\u00e7adeumaregi\u00e3o<\/b>.<\/p>\t\t\t\t\t\t<\/div>\n\t\t\t\t<\/div>\n\t\t\t\t\t<\/div>\n\t\t<\/div>\n\t\t\t\t\t\t\t<\/div>\n\t\t<\/section>\n\t\t\t\t<section class=\"elementor-section elementor-top-section elementor-element elementor-element-844ccfa elementor-section-boxed elementor-section-height-default elementor-section-height-default\" data-id=\"844ccfa\" data-element_type=\"section\">\n\t\t\t\t\t\t<div class=\"elementor-container elementor-column-gap-default\">\n\t\t\t\t\t<div class=\"elementor-column elementor-col-100 elementor-top-column elementor-element elementor-element-a1528fb\" data-id=\"a1528fb\" data-element_type=\"column\">\n\t\t\t<div class=\"elementor-widget-wrap elementor-element-populated\">\n\t\t\t\t\t\t\t\t<div class=\"elementor-element elementor-element-b7864f2 elementor-align-left elementor-widget__width-auto elementor-widget elementor-widget-button\" data-id=\"b7864f2\" data-element_type=\"widget\" data-widget_type=\"button.default\">\n\t\t\t\t<div class=\"elementor-widget-container\">\n\t\t\t\t\t<div class=\"elementor-button-wrapper\">\n\t\t\t<a class=\"elementor-button elementor-button-link elementor-size-sm\" href=\"https:\/\/www.instagram.com\/p\/DRxJwMljHMV\/?utm_source=ig_web_button_share_sheet&#038;igsh=ZDNlZDc0MzIxNw==\">\n\t\t\t\t\t\t<span class=\"elementor-button-content-wrapper\">\n\t\t\t\t\t\t<span class=\"elementor-button-icon elementor-align-icon-right\">\n\t\t\t\t<i aria-hidden=\"true\" class=\"fab fa-instagram\"><\/i>\t\t\t<\/span>\n\t\t\t\t\t\t<span class=\"elementor-button-text\">Veja a nossa publica\u00e7\u00e3o <\/span>\n\t\t<\/span>\n\t\t\t\t\t<\/a>\n\t\t<\/div>\n\t\t\t\t<\/div>\n\t\t\t\t<\/div>\n\t\t\t\t\t<\/div>\n\t\t<\/div>\n\t\t\t\t\t\t\t<\/div>\n\t\t<\/section>\n\t\t\t\t<section class=\"elementor-section elementor-top-section elementor-element elementor-element-f8d2e6e elementor-section-boxed elementor-section-height-default elementor-section-height-default\" data-id=\"f8d2e6e\" data-element_type=\"section\">\n\t\t\t\t\t\t<div class=\"elementor-container elementor-column-gap-default\">\n\t\t\t\t\t<div class=\"elementor-column elementor-col-50 elementor-top-column elementor-element elementor-element-fa5b4bf\" data-id=\"fa5b4bf\" data-element_type=\"column\">\n\t\t\t<div class=\"elementor-widget-wrap elementor-element-populated\">\n\t\t\t\t\t\t\t\t<div class=\"elementor-element elementor-element-cb379f1 elementor-widget elementor-widget-image\" data-id=\"cb379f1\" data-element_type=\"widget\" data-widget_type=\"image.default\">\n\t\t\t\t<div class=\"elementor-widget-container\">\n\t\t\t\t\t\t\t\t\t\t\t\t\t\t\t<img decoding=\"async\" width=\"1067\" height=\"800\" data-src=\"https:\/\/nerba.pt\/site\/wp-content\/uploads\/2025\/12\/presenca_eventos_forum_reg_3-1067x800.jpeg\" class=\"attachment-large size-large wp-image-21657 lazyload\" alt=\"\" data-srcset=\"https:\/\/nerba.pt\/site\/wp-content\/uploads\/2025\/12\/presenca_eventos_forum_reg_3-1067x800.jpeg 1067w, https:\/\/nerba.pt\/site\/wp-content\/uploads\/2025\/12\/presenca_eventos_forum_reg_3-533x400.jpeg 533w, https:\/\/nerba.pt\/site\/wp-content\/uploads\/2025\/12\/presenca_eventos_forum_reg_3-768x576.jpeg 768w, https:\/\/nerba.pt\/site\/wp-content\/uploads\/2025\/12\/presenca_eventos_forum_reg_3-1536x1152.jpeg 1536w, https:\/\/nerba.pt\/site\/wp-content\/uploads\/2025\/12\/presenca_eventos_forum_reg_3-2048x1536.jpeg 2048w, https:\/\/nerba.pt\/site\/wp-content\/uploads\/2025\/12\/presenca_eventos_forum_reg_3-16x12.jpeg 16w\" data-sizes=\"(max-width: 1067px) 100vw, 1067px\" src=\"data:image\/svg+xml;base64,PHN2ZyB3aWR0aD0iMSIgaGVpZ2h0PSIxIiB4bWxucz0iaHR0cDovL3d3dy53My5vcmcvMjAwMC9zdmciPjwvc3ZnPg==\" style=\"--smush-placeholder-width: 1067px; --smush-placeholder-aspect-ratio: 1067\/800;\" \/>\t\t\t\t\t\t\t\t\t\t\t\t\t\t\t<\/div>\n\t\t\t\t<\/div>\n\t\t\t\t\t<\/div>\n\t\t<\/div>\n\t\t\t\t<div class=\"elementor-column elementor-col-50 elementor-top-column elementor-element elementor-element-26127d8\" data-id=\"26127d8\" data-element_type=\"column\">\n\t\t\t<div class=\"elementor-widget-wrap elementor-element-populated\">\n\t\t\t\t\t\t\t\t<div class=\"elementor-element elementor-element-65792d9 elementor-widget elementor-widget-image\" data-id=\"65792d9\" data-element_type=\"widget\" data-widget_type=\"image.default\">\n\t\t\t\t<div class=\"elementor-widget-container\">\n\t\t\t\t\t\t\t\t\t\t\t\t\t\t\t<img decoding=\"async\" width=\"1067\" height=\"800\" data-src=\"https:\/\/nerba.pt\/site\/wp-content\/uploads\/2025\/12\/presenca_eventos_forum_reg_2-1067x800.jpeg\" class=\"attachment-large size-large wp-image-21659 lazyload\" alt=\"\" data-srcset=\"https:\/\/nerba.pt\/site\/wp-content\/uploads\/2025\/12\/presenca_eventos_forum_reg_2-1067x800.jpeg 1067w, https:\/\/nerba.pt\/site\/wp-content\/uploads\/2025\/12\/presenca_eventos_forum_reg_2-533x400.jpeg 533w, https:\/\/nerba.pt\/site\/wp-content\/uploads\/2025\/12\/presenca_eventos_forum_reg_2-768x576.jpeg 768w, https:\/\/nerba.pt\/site\/wp-content\/uploads\/2025\/12\/presenca_eventos_forum_reg_2-1536x1152.jpeg 1536w, https:\/\/nerba.pt\/site\/wp-content\/uploads\/2025\/12\/presenca_eventos_forum_reg_2-2048x1536.jpeg 2048w, https:\/\/nerba.pt\/site\/wp-content\/uploads\/2025\/12\/presenca_eventos_forum_reg_2-16x12.jpeg 16w\" data-sizes=\"(max-width: 1067px) 100vw, 1067px\" src=\"data:image\/svg+xml;base64,PHN2ZyB3aWR0aD0iMSIgaGVpZ2h0PSIxIiB4bWxucz0iaHR0cDovL3d3dy53My5vcmcvMjAwMC9zdmciPjwvc3ZnPg==\" style=\"--smush-placeholder-width: 1067px; --smush-placeholder-aspect-ratio: 1067\/800;\" \/>\t\t\t\t\t\t\t\t\t\t\t\t\t\t\t<\/div>\n\t\t\t\t<\/div>\n\t\t\t\t\t<\/div>\n\t\t<\/div>\n\t\t\t\t\t\t\t<\/div>\n\t\t<\/section>\n\t\t\t\t\t\t\t<\/div>\n\t\t","protected":false},"excerpt":{"rendered":"<p>A dire\u00e7\u00e3o do NERBA \u2013 Associa\u00e7\u00e3o Empresarial do Distrito de Bragan\u00e7a marca presen\u00e7a no F\u00f3rum Regional e do Conselho Regional do Norte da CCDR-NORTE. O encontro foca-se em temas cruciais para o futuro da regi\u00e3o: a Descentraliza\u00e7\u00e3o de compet\u00eancias e as Pol\u00edticas de Coes\u00e3o P\u00f3s-2028. O objetivo \u00e9 debater as estrat\u00e9gias que ir\u00e3o moldar o&hellip;<\/p>\n","protected":false},"author":6,"featured_media":21656,"comment_status":"open","ping_status":"open","sticky":false,"template":"","format":"standard","meta":{"footnotes":""},"categories":[970,488],"tags":[],"class_list":["post-21655","post","type-post","status-publish","format-standard","has-post-thumbnail","hentry","category-eventos","category-terminada"],"_links":{"self":[{"href":"https:\/\/nerba.pt\/site\/wp-json\/wp\/v2\/posts\/21655","targetHints":{"allow":["GET"]}}],"collection":[{"href":"https:\/\/nerba.pt\/site\/wp-json\/wp\/v2\/posts"}],"about":[{"href":"https:\/\/nerba.pt\/site\/wp-json\/wp\/v2\/types\/post"}],"author":[{"embeddable":true,"href":"https:\/\/nerba.pt\/site\/wp-json\/wp\/v2\/users\/6"}],"replies":[{"embeddable":true,"href":"https:\/\/nerba.pt\/site\/wp-json\/wp\/v2\/comments?post=21655"}],"version-history":[{"count":4,"href":"https:\/\/nerba.pt\/site\/wp-json\/wp\/v2\/posts\/21655\/revisions"}],"predecessor-version":[{"id":21662,"href":"https:\/\/nerba.pt\/site\/wp-json\/wp\/v2\/posts\/21655\/revisions\/21662"}],"wp:featuredmedia":[{"embeddable":true,"href":"https:\/\/nerba.pt\/site\/wp-json\/wp\/v2\/media\/21656"}],"wp:attachment":[{"href":"https:\/\/nerba.pt\/site\/wp-json\/wp\/v2\/media?parent=21655"}],"wp:term":[{"taxonomy":"category","embeddable":true,"href":"https:\/\/nerba.pt\/site\/wp-json\/wp\/v2\/categories?post=21655"},{"taxonomy":"post_tag","embeddable":true,"href":"https:\/\/nerba.pt\/site\/wp-json\/wp\/v2\/tags?post=21655"}],"curies":[{"name":"wp","href":"https:\/\/api.w.org\/{rel}","templated":true}]}}