{"id":21648,"date":"2025-11-21T10:10:08","date_gmt":"2025-11-21T10:10:08","guid":{"rendered":"https:\/\/nerba.pt\/site\/?p=21648"},"modified":"2025-12-03T11:21:07","modified_gmt":"2025-12-03T11:21:07","slug":"presenca-no-encontro-sobre-a-economia-da-prata-e-inovacao","status":"publish","type":"post","link":"https:\/\/nerba.pt\/site\/presenca-no-encontro-sobre-a-economia-da-prata-e-inovacao\/","title":{"rendered":"Encontro sobre a Economia da Prata e Inova\u00e7\u00e3o"},"content":{"rendered":"\t\t<div data-elementor-type=\"wp-post\" data-elementor-id=\"21648\" class=\"elementor elementor-21648\" data-elementor-post-type=\"post\">\n\t\t\t\t\t\t\t\t\t<section class=\"elementor-section elementor-top-section elementor-element elementor-element-dd67820 elementor-section-boxed elementor-section-height-default elementor-section-height-default\" data-id=\"dd67820\" data-element_type=\"section\">\n\t\t\t\t\t\t<div class=\"elementor-container elementor-column-gap-default\">\n\t\t\t\t\t<div class=\"elementor-column elementor-col-100 elementor-top-column elementor-element elementor-element-7f2475b\" data-id=\"7f2475b\" data-element_type=\"column\">\n\t\t\t<div class=\"elementor-widget-wrap elementor-element-populated\">\n\t\t\t\t\t\t\t\t<div class=\"elementor-element elementor-element-e9f49e9 elementor-widget elementor-widget-text-editor\" data-id=\"e9f49e9\" data-element_type=\"widget\" data-widget_type=\"text-editor.default\">\n\t\t\t\t<div class=\"elementor-widget-container\">\n\t\t\t\t\t\t\t<h2 data-path-to-node=\"0\">\ud83d\udcdd NERBA Presente em Encontro sobre a Economia da Prata e Inova\u00e7\u00e3o<\/h2><p data-path-to-node=\"1\">O NERBA &#8211; Associa\u00e7\u00e3o Empresarial do Distrito de Bragan\u00e7a, atrav\u00e9s da sua dire\u00e7\u00e3o, marcou presen\u00e7a no <b>Pr\u00e9-Evento do Digital Innovation Hub Silver Economy<\/b>.<\/p><p data-path-to-node=\"2\">Este encontro, realizado com o objetivo de <b>refletir sobre o impacto da tecnologia na economia do envelhecimento ativo<\/b>, destacou a import\u00e2ncia de transformar este setor num motor de desenvolvimento para as regi\u00f5es do Norte de Portugal e Espanha. O evento sublinhou a forma como a <b>inova\u00e7\u00e3o<\/b> e a <b>tecnologia<\/b> podem impulsionar o <b>tecido empresarial<\/b> e a <b>economia<\/b> do <b>Distrito de Bragan\u00e7a<\/b> e zonas vizinhas, refor\u00e7ando a ambi\u00e7\u00e3o de &#8220;a for\u00e7a de uma regi\u00e3o&#8221;.<\/p><p data-path-to-node=\"3\">A iniciativa decorreu na cidade de Bragan\u00e7a, conforme noticiado pelo munic\u00edpio local.<\/p>\t\t\t\t\t\t<\/div>\n\t\t\t\t<\/div>\n\t\t\t\t\t<\/div>\n\t\t<\/div>\n\t\t\t\t\t\t\t<\/div>\n\t\t<\/section>\n\t\t\t\t<section class=\"elementor-section elementor-top-section elementor-element elementor-element-84405a9 elementor-section-boxed elementor-section-height-default elementor-section-height-default\" data-id=\"84405a9\" data-element_type=\"section\">\n\t\t\t\t\t\t<div class=\"elementor-container elementor-column-gap-default\">\n\t\t\t\t\t<div class=\"elementor-column elementor-col-100 elementor-top-column elementor-element elementor-element-6fd37f9\" data-id=\"6fd37f9\" data-element_type=\"column\">\n\t\t\t<div class=\"elementor-widget-wrap elementor-element-populated\">\n\t\t\t\t\t\t\t\t<div class=\"elementor-element elementor-element-43b9df5 elementor-align-left elementor-widget__width-auto elementor-widget elementor-widget-button\" data-id=\"43b9df5\" data-element_type=\"widget\" data-widget_type=\"button.default\">\n\t\t\t\t<div class=\"elementor-widget-container\">\n\t\t\t\t\t<div class=\"elementor-button-wrapper\">\n\t\t\t<a class=\"elementor-button elementor-button-link elementor-size-sm\" href=\"https:\/\/www.instagram.com\/p\/DRUJYldDE89\/?utm_source=ig_web_copy_link\">\n\t\t\t\t\t\t<span class=\"elementor-button-content-wrapper\">\n\t\t\t\t\t\t<span class=\"elementor-button-icon elementor-align-icon-right\">\n\t\t\t\t<i aria-hidden=\"true\" class=\"fab fa-instagram\"><\/i>\t\t\t<\/span>\n\t\t\t\t\t\t<span class=\"elementor-button-text\">Veja a nossa publica\u00e7\u00e3o <\/span>\n\t\t<\/span>\n\t\t\t\t\t<\/a>\n\t\t<\/div>\n\t\t\t\t<\/div>\n\t\t\t\t<\/div>\n\t\t\t\t<div class=\"elementor-element elementor-element-411998b elementor-align-left elementor-widget__width-auto elementor-widget elementor-widget-button\" data-id=\"411998b\" data-element_type=\"widget\" data-widget_type=\"button.default\">\n\t\t\t\t<div class=\"elementor-widget-container\">\n\t\t\t\t\t<div class=\"elementor-button-wrapper\">\n\t\t\t<a class=\"elementor-button elementor-button-link elementor-size-sm\" href=\"https:\/\/www.cm-braganca.pt\/transparencia\/comunicacao\/noticias\/noticia\/braganca-recebe-pre-evento-do-vii-congresso-internacional-silver-economy?fbclid=IwY2xjawOc-0RleHRuA2FlbQIxMABicmlkETBuazExUEFMYTVMenowbnQxc3J0YwZhcHBfaWQQMjIyMDM5MTc4ODIwMDg5MgABHs-p804o2iMdXDFzeXpISbaur9sE1jWSBSJUWHXWa_4abXodt_D82W1wncjr_aem_NhXliEbqvWTLwDQvCmYa_A\">\n\t\t\t\t\t\t<span class=\"elementor-button-content-wrapper\">\n\t\t\t\t\t\t<span class=\"elementor-button-text\">Veja a informa\u00e7\u00e3o no site da camara<\/span>\n\t\t<\/span>\n\t\t\t\t\t<\/a>\n\t\t<\/div>\n\t\t\t\t<\/div>\n\t\t\t\t<\/div>\n\t\t\t\t\t<\/div>\n\t\t<\/div>\n\t\t\t\t\t\t\t<\/div>\n\t\t<\/section>\n\t\t\t\t\t\t\t<\/div>\n\t\t","protected":false},"excerpt":{"rendered":"<p>\ud83d\udcdd NERBA Presente em Encontro sobre a Economia da Prata e Inova\u00e7\u00e3o O NERBA &#8211; Associa\u00e7\u00e3o Empresarial do Distrito de Bragan\u00e7a, atrav\u00e9s da sua dire\u00e7\u00e3o, marcou presen\u00e7a no Pr\u00e9-Evento do Digital Innovation Hub Silver Economy. Este encontro, realizado com o objetivo de refletir sobre o impacto da tecnologia na economia do envelhecimento ativo, destacou a&hellip;<\/p>\n","protected":false},"author":6,"featured_media":21649,"comment_status":"open","ping_status":"open","sticky":false,"template":"","format":"standard","meta":{"footnotes":""},"categories":[970,488],"tags":[1155,1152,1151,1153,1149,1150,1154],"class_list":["post-21648","post","type-post","status-publish","format-standard","has-post-thumbnail","hentry","category-eventos","category-terminada","tag-aforcadeumaregiao","tag-distritodebraganca","tag-economia","tag-inovacao","tag-nerba","tag-tecidoempresarial","tag-tecnologia"],"_links":{"self":[{"href":"https:\/\/nerba.pt\/site\/wp-json\/wp\/v2\/posts\/21648","targetHints":{"allow":["GET"]}}],"collection":[{"href":"https:\/\/nerba.pt\/site\/wp-json\/wp\/v2\/posts"}],"about":[{"href":"https:\/\/nerba.pt\/site\/wp-json\/wp\/v2\/types\/post"}],"author":[{"embeddable":true,"href":"https:\/\/nerba.pt\/site\/wp-json\/wp\/v2\/users\/6"}],"replies":[{"embeddable":true,"href":"https:\/\/nerba.pt\/site\/wp-json\/wp\/v2\/comments?post=21648"}],"version-history":[{"count":5,"href":"https:\/\/nerba.pt\/site\/wp-json\/wp\/v2\/posts\/21648\/revisions"}],"predecessor-version":[{"id":21654,"href":"https:\/\/nerba.pt\/site\/wp-json\/wp\/v2\/posts\/21648\/revisions\/21654"}],"wp:featuredmedia":[{"embeddable":true,"href":"https:\/\/nerba.pt\/site\/wp-json\/wp\/v2\/media\/21649"}],"wp:attachment":[{"href":"https:\/\/nerba.pt\/site\/wp-json\/wp\/v2\/media?parent=21648"}],"wp:term":[{"taxonomy":"category","embeddable":true,"href":"https:\/\/nerba.pt\/site\/wp-json\/wp\/v2\/categories?post=21648"},{"taxonomy":"post_tag","embeddable":true,"href":"https:\/\/nerba.pt\/site\/wp-json\/wp\/v2\/tags?post=21648"}],"curies":[{"name":"wp","href":"https:\/\/api.w.org\/{rel}","templated":true}]}}