{"id":21410,"date":"2025-09-19T08:15:07","date_gmt":"2025-09-19T08:15:07","guid":{"rendered":"https:\/\/nerba.pt\/site\/?p=21410"},"modified":"2025-10-15T09:04:51","modified_gmt":"2025-10-15T09:04:51","slug":"40-anos-ao-servico-das-empresas-da-regiao","status":"publish","type":"post","link":"https:\/\/nerba.pt\/site\/40-anos-ao-servico-das-empresas-da-regiao\/","title":{"rendered":"40 anos ao servi\u00e7o das empresas da Regi\u00e3o"},"content":{"rendered":"\t\t<div data-elementor-type=\"wp-post\" data-elementor-id=\"21410\" class=\"elementor elementor-21410\" data-elementor-post-type=\"post\">\n\t\t\t\t\t\t\t\t\t<section class=\"elementor-section elementor-top-section elementor-element elementor-element-ee26713 elementor-section-boxed elementor-section-height-default elementor-section-height-default\" data-id=\"ee26713\" data-element_type=\"section\">\n\t\t\t\t\t\t<div class=\"elementor-container elementor-column-gap-default\">\n\t\t\t\t\t<div class=\"elementor-column elementor-col-100 elementor-top-column elementor-element elementor-element-7a228db\" data-id=\"7a228db\" data-element_type=\"column\">\n\t\t\t<div class=\"elementor-widget-wrap elementor-element-populated\">\n\t\t\t\t\t\t\t\t<div class=\"elementor-element elementor-element-d74d5c9 elementor-widget elementor-widget-text-editor\" data-id=\"d74d5c9\" data-element_type=\"widget\" data-widget_type=\"text-editor.default\">\n\t\t\t\t<div class=\"elementor-widget-container\">\n\t\t\t\t\t\t\t<p><b>A NERBA Associa\u00e7\u00e3o Empresarial do Distrito de Bragan\u00e7a foi criada com uma miss\u00e3o clara: apoiar, representar e impulsionar as empresas da nossa Regi\u00e3o.\u00a0<\/b>Quatro d\u00e9cadas depois, temos muitos motivos para celebrar\u00a0<b>com quem fez parte desta hist\u00f3ria: a sua entidade!<\/b><\/p>\t\t\t\t\t\t<\/div>\n\t\t\t\t<\/div>\n\t\t\t\t\t<\/div>\n\t\t<\/div>\n\t\t\t\t\t\t\t<\/div>\n\t\t<\/section>\n\t\t\t\t<section class=\"elementor-section elementor-top-section elementor-element elementor-element-bdf3e51 elementor-section-boxed elementor-section-height-default elementor-section-height-default\" data-id=\"bdf3e51\" data-element_type=\"section\">\n\t\t\t\t\t\t<div class=\"elementor-container elementor-column-gap-default\">\n\t\t\t\t\t<div class=\"elementor-column elementor-col-100 elementor-top-column elementor-element elementor-element-df2ac41\" data-id=\"df2ac41\" data-element_type=\"column\">\n\t\t\t<div class=\"elementor-widget-wrap elementor-element-populated\">\n\t\t\t\t\t\t\t\t<div class=\"elementor-element elementor-element-30fcdb3 elementor-widget elementor-widget-spacer\" data-id=\"30fcdb3\" data-element_type=\"widget\" data-widget_type=\"spacer.default\">\n\t\t\t\t<div class=\"elementor-widget-container\">\n\t\t\t\t\t<div class=\"elementor-spacer\">\n\t\t\t<div class=\"elementor-spacer-inner\"><\/div>\n\t\t<\/div>\n\t\t\t\t<\/div>\n\t\t\t\t<\/div>\n\t\t\t\t\t<\/div>\n\t\t<\/div>\n\t\t\t\t\t\t\t<\/div>\n\t\t<\/section>\n\t\t\t\t<section class=\"elementor-section elementor-top-section elementor-element elementor-element-308b0aa elementor-section-boxed elementor-section-height-default elementor-section-height-default\" data-id=\"308b0aa\" data-element_type=\"section\">\n\t\t\t\t\t\t<div class=\"elementor-container elementor-column-gap-default\">\n\t\t\t\t\t<div class=\"elementor-column elementor-col-100 elementor-top-column elementor-element elementor-element-0a4f41e\" data-id=\"0a4f41e\" data-element_type=\"column\">\n\t\t\t<div class=\"elementor-widget-wrap elementor-element-populated\">\n\t\t\t\t\t\t\t\t<div class=\"elementor-element elementor-element-3e6aafb elementor-align-justify elementor-widget elementor-widget-the7_button_widget\" data-id=\"3e6aafb\" data-element_type=\"widget\" data-widget_type=\"the7_button_widget.default\">\n\t\t\t\t<div class=\"elementor-widget-container\">\n\t\t\t<div class=\"elementor-button-wrapper\"><a href=\"https:\/\/nerba.pt\/site\/historia\/\" class=\"box-button elementor-button elementor-size-md\">Ver a Hist\u00f3ria do NERBA<\/a><\/div>\t\t<\/div>\n\t\t\t\t<\/div>\n\t\t\t\t\t<\/div>\n\t\t<\/div>\n\t\t\t\t\t\t\t<\/div>\n\t\t<\/section>\n\t\t\t\t\t\t\t<\/div>\n\t\t","protected":false},"excerpt":{"rendered":"<p>A NERBA Associa\u00e7\u00e3o Empresarial do Distrito de Bragan\u00e7a foi criada com uma miss\u00e3o clara: apoiar, representar e impulsionar as empresas da nossa Regi\u00e3o.\u00a0Quatro d\u00e9cadas depois, temos muitos motivos para celebrar\u00a0com quem fez parte desta hist\u00f3ria: a sua entidade! Ver a Hist\u00f3ria do NERBA<\/p>\n","protected":false},"author":3,"featured_media":21413,"comment_status":"open","ping_status":"open","sticky":false,"template":"","format":"standard","meta":{"footnotes":""},"categories":[970],"tags":[],"class_list":["post-21410","post","type-post","status-publish","format-standard","has-post-thumbnail","hentry","category-eventos"],"_links":{"self":[{"href":"https:\/\/nerba.pt\/site\/wp-json\/wp\/v2\/posts\/21410","targetHints":{"allow":["GET"]}}],"collection":[{"href":"https:\/\/nerba.pt\/site\/wp-json\/wp\/v2\/posts"}],"about":[{"href":"https:\/\/nerba.pt\/site\/wp-json\/wp\/v2\/types\/post"}],"author":[{"embeddable":true,"href":"https:\/\/nerba.pt\/site\/wp-json\/wp\/v2\/users\/3"}],"replies":[{"embeddable":true,"href":"https:\/\/nerba.pt\/site\/wp-json\/wp\/v2\/comments?post=21410"}],"version-history":[{"count":16,"href":"https:\/\/nerba.pt\/site\/wp-json\/wp\/v2\/posts\/21410\/revisions"}],"predecessor-version":[{"id":21452,"href":"https:\/\/nerba.pt\/site\/wp-json\/wp\/v2\/posts\/21410\/revisions\/21452"}],"wp:featuredmedia":[{"embeddable":true,"href":"https:\/\/nerba.pt\/site\/wp-json\/wp\/v2\/media\/21413"}],"wp:attachment":[{"href":"https:\/\/nerba.pt\/site\/wp-json\/wp\/v2\/media?parent=21410"}],"wp:term":[{"taxonomy":"category","embeddable":true,"href":"https:\/\/nerba.pt\/site\/wp-json\/wp\/v2\/categories?post=21410"},{"taxonomy":"post_tag","embeddable":true,"href":"https:\/\/nerba.pt\/site\/wp-json\/wp\/v2\/tags?post=21410"}],"curies":[{"name":"wp","href":"https:\/\/api.w.org\/{rel}","templated":true}]}}