{"id":19103,"date":"2025-02-26T10:40:17","date_gmt":"2025-02-26T10:40:17","guid":{"rendered":"https:\/\/nerba.pt\/site\/?p=19103"},"modified":"2025-02-26T10:46:49","modified_gmt":"2025-02-26T10:46:49","slug":"feira-do-fumeiro-vinhais","status":"publish","type":"post","link":"https:\/\/nerba.pt\/site\/feira-do-fumeiro-vinhais\/","title":{"rendered":"Feira do Fumeiro Vinhais"},"content":{"rendered":"\t\t<div data-elementor-type=\"wp-post\" data-elementor-id=\"19103\" class=\"elementor elementor-19103\" data-elementor-post-type=\"post\">\n\t\t\t\t\t\t\t\t\t<section class=\"elementor-section elementor-top-section elementor-element elementor-element-4a38834 elementor-section-boxed elementor-section-height-default elementor-section-height-default\" data-id=\"4a38834\" data-element_type=\"section\">\n\t\t\t\t\t\t<div class=\"elementor-container elementor-column-gap-default\">\n\t\t\t\t\t<div class=\"elementor-column elementor-col-100 elementor-top-column elementor-element elementor-element-9cfa2d4\" data-id=\"9cfa2d4\" data-element_type=\"column\">\n\t\t\t<div class=\"elementor-widget-wrap elementor-element-populated\">\n\t\t\t\t\t\t\t\t<div class=\"elementor-element elementor-element-6e794a3 elementor-widget elementor-widget-text-editor\" data-id=\"6e794a3\" data-element_type=\"widget\" data-widget_type=\"text-editor.default\">\n\t\t\t\t<div class=\"elementor-widget-container\">\n\t\t\t\t\t\t\t<div dir=\"auto\">A Dire\u00e7\u00e3o do NERBA marcou presen\u00e7a na <strong>Feira do Fumeiro<\/strong>, visitando as empresas associadas que participaram no evento.<\/div><div dir=\"auto\">Sendo uma excelente oportunidade para refor\u00e7ar la\u00e7os, apoiar o tecido empresarial da regi\u00e3o e destacar o dinamismo das nossas empresas!<\/div>\t\t\t\t\t\t<\/div>\n\t\t\t\t<\/div>\n\t\t\t\t\t<\/div>\n\t\t<\/div>\n\t\t\t\t\t\t\t<\/div>\n\t\t<\/section>\n\t\t\t\t\t\t\t<\/div>\n\t\t","protected":false},"excerpt":{"rendered":"<p>A Dire\u00e7\u00e3o do NERBA marcou presen\u00e7a na Feira do Fumeiro, visitando as empresas associadas que participaram no evento.Sendo uma excelente oportunidade para refor\u00e7ar la\u00e7os, apoiar o tecido empresarial da regi\u00e3o e destacar o dinamismo das nossas empresas!<\/p>\n","protected":false},"author":5,"featured_media":19116,"comment_status":"closed","ping_status":"closed","sticky":false,"template":"","format":"standard","meta":{"footnotes":""},"categories":[970],"tags":[],"class_list":["post-19103","post","type-post","status-publish","format-standard","has-post-thumbnail","hentry","category-eventos"],"_links":{"self":[{"href":"https:\/\/nerba.pt\/site\/wp-json\/wp\/v2\/posts\/19103","targetHints":{"allow":["GET"]}}],"collection":[{"href":"https:\/\/nerba.pt\/site\/wp-json\/wp\/v2\/posts"}],"about":[{"href":"https:\/\/nerba.pt\/site\/wp-json\/wp\/v2\/types\/post"}],"author":[{"embeddable":true,"href":"https:\/\/nerba.pt\/site\/wp-json\/wp\/v2\/users\/5"}],"replies":[{"embeddable":true,"href":"https:\/\/nerba.pt\/site\/wp-json\/wp\/v2\/comments?post=19103"}],"version-history":[{"count":7,"href":"https:\/\/nerba.pt\/site\/wp-json\/wp\/v2\/posts\/19103\/revisions"}],"predecessor-version":[{"id":19122,"href":"https:\/\/nerba.pt\/site\/wp-json\/wp\/v2\/posts\/19103\/revisions\/19122"}],"wp:featuredmedia":[{"embeddable":true,"href":"https:\/\/nerba.pt\/site\/wp-json\/wp\/v2\/media\/19116"}],"wp:attachment":[{"href":"https:\/\/nerba.pt\/site\/wp-json\/wp\/v2\/media?parent=19103"}],"wp:term":[{"taxonomy":"category","embeddable":true,"href":"https:\/\/nerba.pt\/site\/wp-json\/wp\/v2\/categories?post=19103"},{"taxonomy":"post_tag","embeddable":true,"href":"https:\/\/nerba.pt\/site\/wp-json\/wp\/v2\/tags?post=19103"}],"curies":[{"name":"wp","href":"https:\/\/api.w.org\/{rel}","templated":true}]}}