{"id":18751,"date":"2024-12-10T16:29:17","date_gmt":"2024-12-10T16:29:17","guid":{"rendered":"https:\/\/nerba.pt\/site\/?p=18751"},"modified":"2024-12-10T16:31:01","modified_gmt":"2024-12-10T16:31:01","slug":"visita-ao-lagar-casa-aragao","status":"publish","type":"post","link":"https:\/\/nerba.pt\/site\/visita-ao-lagar-casa-aragao\/","title":{"rendered":"Visita ao Lagar Casa Arag\u00e3o"},"content":{"rendered":"\t\t<div data-elementor-type=\"wp-post\" data-elementor-id=\"18751\" class=\"elementor elementor-18751\" data-elementor-post-type=\"post\">\n\t\t\t\t\t\t\t\t\t<section class=\"elementor-section elementor-top-section elementor-element elementor-element-dffedcd elementor-section-boxed elementor-section-height-default elementor-section-height-default\" data-id=\"dffedcd\" data-element_type=\"section\">\n\t\t\t\t\t\t<div class=\"elementor-container elementor-column-gap-default\">\n\t\t\t\t\t<div class=\"elementor-column elementor-col-100 elementor-top-column elementor-element elementor-element-08cb0d7\" data-id=\"08cb0d7\" data-element_type=\"column\">\n\t\t\t<div class=\"elementor-widget-wrap elementor-element-populated\">\n\t\t\t\t\t\t\t\t<div class=\"elementor-element elementor-element-60ab8c1 elementor-widget elementor-widget-text-editor\" data-id=\"60ab8c1\" data-element_type=\"widget\" data-widget_type=\"text-editor.default\">\n\t\t\t\t<div class=\"elementor-widget-container\">\n\t\t\t\t\t\t\t<div dir=\"auto\"><div dir=\"auto\"><div dir=\"auto\"><div dir=\"auto\"><div dir=\"auto\">O Vice Presidente da Dire\u00e7\u00e3o do NERBA, Pedro Mur\u00e7\u00f3s, esteve presente nas obras de amplia\u00e7\u00e3o e moderniza\u00e7\u00e3o do lagar de Azeite da <span class=\"html-span xdj266r x11i5rnm xat24cr x1mh8g0r xexx8yu x4uap5 x18d9i69 xkhd6sd x1hl2dhg x16tdsg8 x1vvkbs\"><a class=\"x1i10hfl xjbqb8w x1ejq31n xd10rxx x1sy0etr x17r0tee x972fbf xcfux6l x1qhh985 xm0m39n x9f619 x1ypdohk xt0psk2 xe8uvvx xdj266r x11i5rnm xat24cr x1mh8g0r xexx8yu x4uap5 x18d9i69 xkhd6sd x16tdsg8 x1hl2dhg xggy1nq x1a2a7pz x1sur9pj xkrqix3 x1fey0fg x1s688f\" tabindex=\"0\" role=\"link\" href=\"https:\/\/www.facebook.com\/profile.php?id=100063648158064&amp;__cft__[0]=AZVaHEdi6OemKrTiSESj2DawqwoMUSpqfBSFmWwBNHLwxjdr-oqp8BwAOMottUtTBcvwmZLytuoQ9jyJBfxvYH7MHeI5fNsU6viw_rMAT3K1Rlpw0PWYFnJcvZYELH80uCRktPG_QP2hgGKFnPJ8e1lrx6wUELOYUxN_t37TzvnYu5zjJQL3KgFp1Y9Zw9BjhnE&amp;__tn__=-]K-R\"><span class=\"xt0psk2\">Casa Arag\u00e3o Portugal<\/span><\/a><\/span>.<\/div><div dir=\"auto\">\u00a0<\/div><div dir=\"auto\">Nesta mudan\u00e7a existiu aten\u00e7\u00e3o ao passado e vis\u00e3o para o futuro, sem nunca deixar esquecer a tradi\u00e7\u00e3o.<\/div><\/div><\/div><\/div><\/div>\t\t\t\t\t\t<\/div>\n\t\t\t\t<\/div>\n\t\t\t\t<div class=\"elementor-element elementor-element-38656dd elementor-widget elementor-widget-spacer\" data-id=\"38656dd\" data-element_type=\"widget\" data-widget_type=\"spacer.default\">\n\t\t\t\t<div class=\"elementor-widget-container\">\n\t\t\t\t\t<div class=\"elementor-spacer\">\n\t\t\t<div class=\"elementor-spacer-inner\"><\/div>\n\t\t<\/div>\n\t\t\t\t<\/div>\n\t\t\t\t<\/div>\n\t\t\t\t<div class=\"elementor-element elementor-element-4eb09f2 elementor-skin-slideshow elementor-arrows-yes elementor-widget elementor-widget-media-carousel\" data-id=\"4eb09f2\" data-element_type=\"widget\" data-settings=\"{&quot;skin&quot;:&quot;slideshow&quot;,&quot;effect&quot;:&quot;fade&quot;,&quot;slideshow_slides_per_view&quot;:&quot;3&quot;,&quot;show_arrows&quot;:&quot;yes&quot;,&quot;speed&quot;:500,&quot;autoplay&quot;:&quot;yes&quot;,&quot;autoplay_speed&quot;:5000,&quot;loop&quot;:&quot;yes&quot;,&quot;pause_on_hover&quot;:&quot;yes&quot;,&quot;pause_on_interaction&quot;:&quot;yes&quot;,&quot;space_between&quot;:{&quot;unit&quot;:&quot;px&quot;,&quot;size&quot;:10,&quot;sizes&quot;:[]},&quot;space_between_tablet&quot;:{&quot;unit&quot;:&quot;px&quot;,&quot;size&quot;:10,&quot;sizes&quot;:[]},&quot;space_between_mobile&quot;:{&quot;unit&quot;:&quot;px&quot;,&quot;size&quot;:10,&quot;sizes&quot;:[]}}\" data-widget_type=\"media-carousel.default\">\n\t\t\t\t<div class=\"elementor-widget-container\">\n\t\t\t\t\t<div class=\"elementor-swiper\">\n\t\t\t<div class=\"elementor-main-swiper swiper-container\">\n\t\t\t\t<div class=\"swiper-wrapper\">\n\t\t\t\t\t\t\t\t\t\t\t<div class=\"swiper-slide\">\n\t\t\t\t\t\t\t\t\t<div class=\"elementor-carousel-image lazyload\" role=\"img\" aria-label=\"465668754_960375342797945_8641075998074765289_n\" style=\"background-image:inherit\" data-bg-image=\"url(&#039;https:\/\/nerba.pt\/site\/wp-content\/uploads\/2024\/12\/465668754_960375342797945_8641075998074765289_n.jpg&#039;)\">\n\n\t\t\t\n\t\t\t\t\t<\/div>\n\t\t\t\t\t\t\t\t<\/div>\n\t\t\t\t\t\t\t\t\t\t\t<div class=\"swiper-slide\">\n\t\t\t\t\t\t\t\t\t<div class=\"elementor-carousel-image lazyload\" role=\"img\" aria-label=\"465702981_960375339464612_1860845318163347233_n\" style=\"background-image:inherit\" data-bg-image=\"url(&#039;https:\/\/nerba.pt\/site\/wp-content\/uploads\/2024\/12\/465702981_960375339464612_1860845318163347233_n.jpg&#039;)\">\n\n\t\t\t\n\t\t\t\t\t<\/div>\n\t\t\t\t\t\t\t\t<\/div>\n\t\t\t\t\t\t\t\t\t\t\t<div class=\"swiper-slide\">\n\t\t\t\t\t\t\t\t\t<div class=\"elementor-carousel-image lazyload\" role=\"img\" aria-label=\"465599689_960375332797946_2145844674044569819_n\" style=\"background-image:inherit\" data-bg-image=\"url(&#039;https:\/\/nerba.pt\/site\/wp-content\/uploads\/2024\/12\/465599689_960375332797946_2145844674044569819_n.jpg&#039;)\">\n\n\t\t\t\n\t\t\t\t\t<\/div>\n\t\t\t\t\t\t\t\t<\/div>\n\t\t\t\t\t\t\t\t\t<\/div>\n\t\t\t\t\t\t\t\t\t\t\t\t\t\t\t\t\t\t\t\t<div class=\"elementor-swiper-button elementor-swiper-button-prev\" role=\"button\" tabindex=\"0\">\n\t\t\t\t\t\t\t<i aria-hidden=\"true\" class=\"eicon-chevron-left\"><\/i>\t\t\t\t\t\t\t<span class=\"elementor-screen-only\">Previous<\/span>\n\t\t\t\t\t\t<\/div>\n\t\t\t\t\t\t<div class=\"elementor-swiper-button elementor-swiper-button-next\" role=\"button\" tabindex=\"0\">\n\t\t\t\t\t\t\t<i aria-hidden=\"true\" class=\"eicon-chevron-right\"><\/i>\t\t\t\t\t\t\t<span class=\"elementor-screen-only\">Next<\/span>\n\t\t\t\t\t\t<\/div>\n\t\t\t\t\t\t\t\t\t\t\t\t<\/div>\n\t\t<\/div>\n\t\t\t\t<div class=\"elementor-swiper\">\n\t\t\t<div class=\"elementor-thumbnails-swiper swiper-container\">\n\t\t\t\t<div class=\"swiper-wrapper\">\n\t\t\t\t\t\t\t\t\t\t\t<div class=\"swiper-slide\">\n\t\t\t\t\t\t\t\t\t<div class=\"elementor-carousel-image lazyload\" role=\"img\" aria-label=\"465668754_960375342797945_8641075998074765289_n\" style=\"background-image:inherit\" data-bg-image=\"url(&#039;https:\/\/nerba.pt\/site\/wp-content\/uploads\/2024\/12\/465668754_960375342797945_8641075998074765289_n.jpg&#039;)\">\n\n\t\t\t\n\t\t\t\t\t<\/div>\n\t\t\t\t\t\t\t\t<\/div>\n\t\t\t\t\t\t\t\t\t\t\t<div class=\"swiper-slide\">\n\t\t\t\t\t\t\t\t\t<div class=\"elementor-carousel-image lazyload\" role=\"img\" aria-label=\"465702981_960375339464612_1860845318163347233_n\" style=\"background-image:inherit\" data-bg-image=\"url(&#039;https:\/\/nerba.pt\/site\/wp-content\/uploads\/2024\/12\/465702981_960375339464612_1860845318163347233_n.jpg&#039;)\">\n\n\t\t\t\n\t\t\t\t\t<\/div>\n\t\t\t\t\t\t\t\t<\/div>\n\t\t\t\t\t\t\t\t\t\t\t<div class=\"swiper-slide\">\n\t\t\t\t\t\t\t\t\t<div class=\"elementor-carousel-image lazyload\" role=\"img\" aria-label=\"465599689_960375332797946_2145844674044569819_n\" style=\"background-image:inherit\" data-bg-image=\"url(&#039;https:\/\/nerba.pt\/site\/wp-content\/uploads\/2024\/12\/465599689_960375332797946_2145844674044569819_n.jpg&#039;)\">\n\n\t\t\t\n\t\t\t\t\t<\/div>\n\t\t\t\t\t\t\t\t<\/div>\n\t\t\t\t\t\t\t\t\t<\/div>\n\t\t\t\t\t\t\t\t\t\t\t\t\t\t\t\t\t\t\t\t\t<\/div>\n\t\t<\/div>\n\t\t\t\t<\/div>\n\t\t\t\t<\/div>\n\t\t\t\t\t<\/div>\n\t\t<\/div>\n\t\t\t\t\t\t\t<\/div>\n\t\t<\/section>\n\t\t\t\t\t\t\t<\/div>\n\t\t","protected":false},"excerpt":{"rendered":"<p>O Vice Presidente da Dire\u00e7\u00e3o do NERBA, Pedro Mur\u00e7\u00f3s, esteve presente nas obras de amplia\u00e7\u00e3o e moderniza\u00e7\u00e3o do lagar de Azeite da Casa Arag\u00e3o Portugal.\u00a0Nesta mudan\u00e7a existiu aten\u00e7\u00e3o ao passado e vis\u00e3o para o futuro, sem nunca deixar esquecer a tradi\u00e7\u00e3o. Previous Next<\/p>\n","protected":false},"author":5,"featured_media":18752,"comment_status":"closed","ping_status":"closed","sticky":false,"template":"","format":"standard","meta":{"footnotes":""},"categories":[970],"tags":[],"class_list":["post-18751","post","type-post","status-publish","format-standard","has-post-thumbnail","hentry","category-eventos"],"_links":{"self":[{"href":"https:\/\/nerba.pt\/site\/wp-json\/wp\/v2\/posts\/18751","targetHints":{"allow":["GET"]}}],"collection":[{"href":"https:\/\/nerba.pt\/site\/wp-json\/wp\/v2\/posts"}],"about":[{"href":"https:\/\/nerba.pt\/site\/wp-json\/wp\/v2\/types\/post"}],"author":[{"embeddable":true,"href":"https:\/\/nerba.pt\/site\/wp-json\/wp\/v2\/users\/5"}],"replies":[{"embeddable":true,"href":"https:\/\/nerba.pt\/site\/wp-json\/wp\/v2\/comments?post=18751"}],"version-history":[{"count":4,"href":"https:\/\/nerba.pt\/site\/wp-json\/wp\/v2\/posts\/18751\/revisions"}],"predecessor-version":[{"id":18759,"href":"https:\/\/nerba.pt\/site\/wp-json\/wp\/v2\/posts\/18751\/revisions\/18759"}],"wp:featuredmedia":[{"embeddable":true,"href":"https:\/\/nerba.pt\/site\/wp-json\/wp\/v2\/media\/18752"}],"wp:attachment":[{"href":"https:\/\/nerba.pt\/site\/wp-json\/wp\/v2\/media?parent=18751"}],"wp:term":[{"taxonomy":"category","embeddable":true,"href":"https:\/\/nerba.pt\/site\/wp-json\/wp\/v2\/categories?post=18751"},{"taxonomy":"post_tag","embeddable":true,"href":"https:\/\/nerba.pt\/site\/wp-json\/wp\/v2\/tags?post=18751"}],"curies":[{"name":"wp","href":"https:\/\/api.w.org\/{rel}","templated":true}]}}