{"id":17076,"date":"2024-06-28T14:24:18","date_gmt":"2024-06-28T14:24:18","guid":{"rendered":"https:\/\/nerba.pt\/site\/?p=17076"},"modified":"2024-06-28T14:28:00","modified_gmt":"2024-06-28T14:28:00","slug":"ii-ciclo-de-apoio-ao-empresario","status":"publish","type":"post","link":"https:\/\/nerba.pt\/site\/ii-ciclo-de-apoio-ao-empresario\/","title":{"rendered":"II Ciclo de Apoio ao Empres\u00e1rio"},"content":{"rendered":"\t\t<div data-elementor-type=\"wp-post\" data-elementor-id=\"17076\" class=\"elementor elementor-17076\" data-elementor-post-type=\"post\">\n\t\t\t\t\t\t\t\t\t<section class=\"elementor-section elementor-top-section elementor-element elementor-element-dffedcd elementor-section-boxed elementor-section-height-default elementor-section-height-default\" data-id=\"dffedcd\" data-element_type=\"section\">\n\t\t\t\t\t\t<div class=\"elementor-container elementor-column-gap-default\">\n\t\t\t\t\t<div class=\"elementor-column elementor-col-100 elementor-top-column elementor-element elementor-element-08cb0d7\" data-id=\"08cb0d7\" data-element_type=\"column\">\n\t\t\t<div class=\"elementor-widget-wrap elementor-element-populated\">\n\t\t\t\t\t\t\t\t<div class=\"elementor-element elementor-element-60ab8c1 elementor-widget elementor-widget-text-editor\" data-id=\"60ab8c1\" data-element_type=\"widget\" data-widget_type=\"text-editor.default\">\n\t\t\t\t<div class=\"elementor-widget-container\">\n\t\t\t\t\t\t\t<div><div dir=\"auto\"><div dir=\"auto\">O N\u00facleo Empresarial da Regi\u00e3o de Bragan\u00e7a (<b>NERBA<\/b>) e a Associa\u00e7\u00e3o Comercial, Industrial e de Servi\u00e7os de Bragan\u00e7a (<b>ACISB<\/b>) reuniram empres\u00e1rios locais e representantes das C\u00e2maras de Com\u00e9rcio da China, Hong Kong, EUA e Luso-Espanhola para promover a internacionaliza\u00e7\u00e3o das empresas da regi\u00e3o.\u00a0<\/div><div dir=\"auto\">\u00a0<\/div><div dir=\"auto\">O evento, parte do <b>II Ciclo de Apoio ao Empres\u00e1rio &#8211; INternacionalizar o INterior<\/b>, ocorreu na quinta-feira passada no NERBA e foi replicado no dia seguinte em Alf\u00e2ndega da F\u00e9.<\/div><\/div><\/div>\t\t\t\t\t\t<\/div>\n\t\t\t\t<\/div>\n\t\t\t\t\t<\/div>\n\t\t<\/div>\n\t\t\t\t\t\t\t<\/div>\n\t\t<\/section>\n\t\t\t\t<section class=\"elementor-section elementor-top-section elementor-element elementor-element-62c8f89 elementor-section-boxed elementor-section-height-default elementor-section-height-default\" data-id=\"62c8f89\" data-element_type=\"section\">\n\t\t\t\t\t\t<div class=\"elementor-container elementor-column-gap-default\">\n\t\t\t\t\t<div class=\"elementor-column elementor-col-100 elementor-top-column elementor-element elementor-element-d26d2d0\" data-id=\"d26d2d0\" data-element_type=\"column\">\n\t\t\t<div class=\"elementor-widget-wrap elementor-element-populated\">\n\t\t\t\t\t\t\t\t<div class=\"elementor-element elementor-element-5953782 elementor-widget elementor-widget-spacer\" data-id=\"5953782\" data-element_type=\"widget\" data-widget_type=\"spacer.default\">\n\t\t\t\t<div class=\"elementor-widget-container\">\n\t\t\t\t\t<div class=\"elementor-spacer\">\n\t\t\t<div class=\"elementor-spacer-inner\"><\/div>\n\t\t<\/div>\n\t\t\t\t<\/div>\n\t\t\t\t<\/div>\n\t\t\t\t<div class=\"elementor-element elementor-element-75c26e0 elementor-widget elementor-widget-image\" data-id=\"75c26e0\" data-element_type=\"widget\" data-widget_type=\"image.default\">\n\t\t\t\t<div class=\"elementor-widget-container\">\n\t\t\t\t\t\t\t\t\t\t\t\t\t\t\t<img decoding=\"async\" width=\"1200\" height=\"793\" data-src=\"https:\/\/nerba.pt\/site\/wp-content\/uploads\/2024\/06\/WhatsApp-Image-2024-06-25-at-11.06.04-1210x800.jpeg\" class=\"attachment-large size-large wp-image-17079 lazyload\" alt=\"\" data-srcset=\"https:\/\/nerba.pt\/site\/wp-content\/uploads\/2024\/06\/WhatsApp-Image-2024-06-25-at-11.06.04-1210x800.jpeg 1210w, https:\/\/nerba.pt\/site\/wp-content\/uploads\/2024\/06\/WhatsApp-Image-2024-06-25-at-11.06.04-1000x661.jpeg 1000w, https:\/\/nerba.pt\/site\/wp-content\/uploads\/2024\/06\/WhatsApp-Image-2024-06-25-at-11.06.04-605x400.jpeg 605w, https:\/\/nerba.pt\/site\/wp-content\/uploads\/2024\/06\/WhatsApp-Image-2024-06-25-at-11.06.04-768x508.jpeg 768w, https:\/\/nerba.pt\/site\/wp-content\/uploads\/2024\/06\/WhatsApp-Image-2024-06-25-at-11.06.04-1536x1016.jpeg 1536w, https:\/\/nerba.pt\/site\/wp-content\/uploads\/2024\/06\/WhatsApp-Image-2024-06-25-at-11.06.04-18x12.jpeg 18w, https:\/\/nerba.pt\/site\/wp-content\/uploads\/2024\/06\/WhatsApp-Image-2024-06-25-at-11.06.04.jpeg 2048w\" data-sizes=\"(max-width: 1200px) 100vw, 1200px\" src=\"data:image\/svg+xml;base64,PHN2ZyB3aWR0aD0iMSIgaGVpZ2h0PSIxIiB4bWxucz0iaHR0cDovL3d3dy53My5vcmcvMjAwMC9zdmciPjwvc3ZnPg==\" style=\"--smush-placeholder-width: 1200px; --smush-placeholder-aspect-ratio: 1200\/793;\" \/>\t\t\t\t\t\t\t\t\t\t\t\t\t\t\t<\/div>\n\t\t\t\t<\/div>\n\t\t\t\t\t<\/div>\n\t\t<\/div>\n\t\t\t\t\t\t\t<\/div>\n\t\t<\/section>\n\t\t\t\t\t\t\t<\/div>\n\t\t","protected":false},"excerpt":{"rendered":"<p>O N\u00facleo Empresarial da Regi\u00e3o de Bragan\u00e7a (NERBA) e a Associa\u00e7\u00e3o Comercial, Industrial e de Servi\u00e7os de Bragan\u00e7a (ACISB) reuniram empres\u00e1rios locais e representantes das C\u00e2maras de Com\u00e9rcio da China, Hong Kong, EUA e Luso-Espanhola para promover a internacionaliza\u00e7\u00e3o das empresas da regi\u00e3o.\u00a0\u00a0O evento, parte do II Ciclo de Apoio ao Empres\u00e1rio &#8211; INternacionalizar o&hellip;<\/p>\n","protected":false},"author":5,"featured_media":17078,"comment_status":"closed","ping_status":"closed","sticky":false,"template":"","format":"standard","meta":{"footnotes":""},"categories":[970],"tags":[],"class_list":["post-17076","post","type-post","status-publish","format-standard","has-post-thumbnail","hentry","category-eventos"],"_links":{"self":[{"href":"https:\/\/nerba.pt\/site\/wp-json\/wp\/v2\/posts\/17076","targetHints":{"allow":["GET"]}}],"collection":[{"href":"https:\/\/nerba.pt\/site\/wp-json\/wp\/v2\/posts"}],"about":[{"href":"https:\/\/nerba.pt\/site\/wp-json\/wp\/v2\/types\/post"}],"author":[{"embeddable":true,"href":"https:\/\/nerba.pt\/site\/wp-json\/wp\/v2\/users\/5"}],"replies":[{"embeddable":true,"href":"https:\/\/nerba.pt\/site\/wp-json\/wp\/v2\/comments?post=17076"}],"version-history":[{"count":9,"href":"https:\/\/nerba.pt\/site\/wp-json\/wp\/v2\/posts\/17076\/revisions"}],"predecessor-version":[{"id":17092,"href":"https:\/\/nerba.pt\/site\/wp-json\/wp\/v2\/posts\/17076\/revisions\/17092"}],"wp:featuredmedia":[{"embeddable":true,"href":"https:\/\/nerba.pt\/site\/wp-json\/wp\/v2\/media\/17078"}],"wp:attachment":[{"href":"https:\/\/nerba.pt\/site\/wp-json\/wp\/v2\/media?parent=17076"}],"wp:term":[{"taxonomy":"category","embeddable":true,"href":"https:\/\/nerba.pt\/site\/wp-json\/wp\/v2\/categories?post=17076"},{"taxonomy":"post_tag","embeddable":true,"href":"https:\/\/nerba.pt\/site\/wp-json\/wp\/v2\/tags?post=17076"}],"curies":[{"name":"wp","href":"https:\/\/api.w.org\/{rel}","templated":true}]}}