{"id":14156,"date":"2023-01-25T14:36:23","date_gmt":"2023-01-25T14:36:23","guid":{"rendered":"https:\/\/nerba.pt\/site\/?p=14156"},"modified":"2023-03-21T14:38:19","modified_gmt":"2023-03-21T14:38:19","slug":"aquisicao-de-servicos-de-formacao-acao-e-consultoria-formativa-para-pme-2o-ciclo-no-ambito-do-projeto-poci-03-3560-fse-000504-alteracao","status":"publish","type":"post","link":"https:\/\/nerba.pt\/site\/aquisicao-de-servicos-de-formacao-acao-e-consultoria-formativa-para-pme-2o-ciclo-no-ambito-do-projeto-poci-03-3560-fse-000504-alteracao\/","title":{"rendered":"Aquisi\u00e7\u00e3o de Servi\u00e7os de Forma\u00e7\u00e3o-A\u00e7\u00e3o e Consultoria Formativa para PME &#8211; 2\u00ba Ciclo, no \u00e2mbito do Projeto POCI-03-3560-FSE-000504 \u2013 Altera\u00e7\u00e3o"},"content":{"rendered":"\t\t<div data-elementor-type=\"wp-post\" data-elementor-id=\"14156\" class=\"elementor elementor-14156\" data-elementor-post-type=\"post\">\n\t\t\t\t\t\t\t\t\t<section class=\"elementor-section elementor-top-section elementor-element elementor-element-6bbb0bf elementor-section-boxed elementor-section-height-default elementor-section-height-default\" data-id=\"6bbb0bf\" data-element_type=\"section\">\n\t\t\t\t\t\t<div class=\"elementor-container elementor-column-gap-default\">\n\t\t\t\t\t<div class=\"elementor-column elementor-col-100 elementor-top-column elementor-element elementor-element-746e534\" data-id=\"746e534\" data-element_type=\"column\">\n\t\t\t<div class=\"elementor-widget-wrap elementor-element-populated\">\n\t\t\t\t\t\t\t\t<div class=\"elementor-element elementor-element-f8677eb elementor-widget elementor-widget-text-editor\" data-id=\"f8677eb\" data-element_type=\"widget\" data-widget_type=\"text-editor.default\">\n\t\t\t\t<div class=\"elementor-widget-container\">\n\t\t\t\t\t\t\t<p>No \u00e2mbito da altera\u00e7\u00e3o originada pelo refor\u00e7o do projeto POCI-03-3560-FSE-000504 de Forma\u00e7\u00e3o-A\u00e7\u00e3o para PME 2.\u00ba Ciclo, do Programa Operacional Competitividade e Internacionaliza\u00e7\u00e3o (POCI), cujo Organismo Interm\u00e9dio \u00e9 a Confedera\u00e7\u00e3o do Turismo de Portugal, foi contratada empresa Vertiriva, Lda, Contribuinte n.\u00ba 508186994 para prestar os servi\u00e7os de forma\u00e7\u00e3o e consultoria formativa previstos no referido refor\u00e7o do projeto.<\/p>\t\t\t\t\t\t<\/div>\n\t\t\t\t<\/div>\n\t\t\t\t\t<\/div>\n\t\t<\/div>\n\t\t\t\t\t\t\t<\/div>\n\t\t<\/section>\n\t\t\t\t\t\t\t<\/div>\n\t\t","protected":false},"excerpt":{"rendered":"<p>No \u00e2mbito da altera\u00e7\u00e3o originada pelo refor\u00e7o do projeto POCI-03-3560-FSE-000504 de Forma\u00e7\u00e3o-A\u00e7\u00e3o para PME 2.\u00ba Ciclo, do Programa Operacional Competitividade e Internacionaliza\u00e7\u00e3o (POCI), cujo Organismo Interm\u00e9dio \u00e9 a Confedera\u00e7\u00e3o do Turismo de Portugal, foi contratada empresa Vertiriva, Lda, Contribuinte n.\u00ba 508186994 para prestar os servi\u00e7os de forma\u00e7\u00e3o e consultoria formativa previstos no referido refor\u00e7o do&hellip;<\/p>\n","protected":false},"author":1,"featured_media":8788,"comment_status":"closed","ping_status":"closed","sticky":false,"template":"","format":"standard","meta":{"footnotes":""},"categories":[250],"tags":[],"class_list":["post-14156","post","type-post","status-publish","format-standard","has-post-thumbnail","hentry","category-concursos-publicos"],"_links":{"self":[{"href":"https:\/\/nerba.pt\/site\/wp-json\/wp\/v2\/posts\/14156","targetHints":{"allow":["GET"]}}],"collection":[{"href":"https:\/\/nerba.pt\/site\/wp-json\/wp\/v2\/posts"}],"about":[{"href":"https:\/\/nerba.pt\/site\/wp-json\/wp\/v2\/types\/post"}],"author":[{"embeddable":true,"href":"https:\/\/nerba.pt\/site\/wp-json\/wp\/v2\/users\/1"}],"replies":[{"embeddable":true,"href":"https:\/\/nerba.pt\/site\/wp-json\/wp\/v2\/comments?post=14156"}],"version-history":[{"count":0,"href":"https:\/\/nerba.pt\/site\/wp-json\/wp\/v2\/posts\/14156\/revisions"}],"wp:featuredmedia":[{"embeddable":true,"href":"https:\/\/nerba.pt\/site\/wp-json\/wp\/v2\/media\/8788"}],"wp:attachment":[{"href":"https:\/\/nerba.pt\/site\/wp-json\/wp\/v2\/media?parent=14156"}],"wp:term":[{"taxonomy":"category","embeddable":true,"href":"https:\/\/nerba.pt\/site\/wp-json\/wp\/v2\/categories?post=14156"},{"taxonomy":"post_tag","embeddable":true,"href":"https:\/\/nerba.pt\/site\/wp-json\/wp\/v2\/tags?post=14156"}],"curies":[{"name":"wp","href":"https:\/\/api.w.org\/{rel}","templated":true}]}}